{"id":2841,"date":"2023-11-18T01:43:53","date_gmt":"2023-11-18T04:43:53","guid":{"rendered":"https:\/\/leportini.com.br\/blog\/?p=2841"},"modified":"2025-05-08T00:10:06","modified_gmt":"2025-05-08T03:10:06","slug":"cuidados-para-cabelos-com-coloracao","status":"publish","type":"post","link":"https:\/\/leportini.com.br\/blog\/cuidados-para-cabelos-com-coloracao\/","title":{"rendered":"Cuidados para Cabelos com Colora\u00e7\u00e3o"},"content":{"rendered":"\n<p><strong>Aprenda a proporcionar cuidados especiais para seus cabelos coloridos<\/strong><\/p>\n\n\n\n<h2 class=\"wp-block-heading has-medium-font-size\">Vis\u00e3o geral<\/h2>\n\n\n\n<p>Neste artigo, voc\u00ea ir\u00e1 aprender todas as dicas e t\u00e9cnicas para manter a cor dos seus cabelos sempre vibrante e bonita. Descubra quais s\u00e3o os melhores produtos e tratamentos, como evitar o desbotamento e como manter a sa\u00fade dos fios ap\u00f3s a colora\u00e7\u00e3o. <\/p>\n\n\n\n<p>Para auxili\u00e1-lo(a) ainda mais em sua busca por cabelos saud\u00e1veis e radiantes, desenvolvemos um diagn\u00f3stico capilar online, totalmente gratuito. Antes de prosseguir, convidamos voc\u00ea a <a href=\"https:\/\/leportini.com.br\/diagnostico_capilar.html?+=5+=utm_source=blog_leportini&amp;utm_medium=cuidados_para_cabelos_com_coloracao&amp;utm_campaign=recrutamento_consumidor_final&amp;utm_content=diagnostico_capilar\">clicar <\/a><a href=\"https:\/\/leportini.com.br\/diagnostico.html\">aqui e realizar o seu diagn\u00f3stico.<\/a> Esta ferramenta \u00e9 um recurso valioso para entender melhor as necessidades espec\u00edficas do seu cabelo e escolher os cuidados mais adequados.<\/p>\n\n\n\n<h2 class=\"wp-block-heading\">Como escolher a cor ideal para o cabelo<\/h2>\n\n\n\n<p>Quando pensamos em mudar a cor do cabelo, surgem in\u00fameras op\u00e7\u00f5es para escolher. No entanto, \u00e9 importante encontrar a cor ideal que combine com o tom de pele, personalidade e estilo de cada pessoa. Neste t\u00f3pico, vamos fornecer algumas dicas \u00fateis para ajud\u00e1-lo(a) a escolher a cor perfeita para o seu cabelo.<\/p>\n\n\n\n<h2 class=\"wp-block-heading has-medium-font-size\">Conhe\u00e7a seu tom de pele<\/h2>\n\n\n\n<p>Antes de escolher uma cor de cabelo, \u00e9 fundamental entender o seu tom de pele. Existem tr\u00eas categorias principais de tons de pele: quente, frio e neutro.<\/p>\n\n\n\n<ul class=\"wp-block-list\">\n<li>Tons de pele quentes: pessoas com tons de pele amarelados ou dourados caem nessa categoria. Geralmente t\u00eam veias mais esverdeadas. Cores de cabelo como loiro dourado, castanho claro ou avermelhado costumam ficar \u00f3timas em tons de pele quentes.<\/li>\n\n\n\n<li>Tons de pele frios: pessoas com tons de pele rosados, azulados ou avermelhados se enquadram nessa categoria. Geralmente apresentam veias azuladas. Cores de cabelo como loiro platinado, preto, castanho escuro ou acinzentado tendem a combinar bem com tons de pele frios.<\/li>\n\n\n\n<li>Tons de pele neutros: pessoas com tons de pele neutros s\u00e3o aquelas que t\u00eam uma combina\u00e7\u00e3o equilibrada de tons quentes e frios. Geralmente, tanto as veias verdes quanto azuis s\u00e3o vis\u00edveis. Para esses tons de pele, uma ampla variedade de cores de cabelo pode funcionar bem, desde loiros quentes a castanhos escuros ou acinzentados.<\/li>\n<\/ul>\n\n\n\n<h2 class=\"wp-block-heading has-medium-font-size\">Considere seu subtom de pele<\/h2>\n\n\n\n<p>Al\u00e9m do tom de pele, \u00e9 importante levar em considera\u00e7\u00e3o o subtom da pele. Ele pode ser quente, frio ou neutro e desempenha um papel fundamental na escolha da cor do cabelo.<\/p>\n\n\n\n<ul class=\"wp-block-list\">\n<li>Subtom de pele quente: se voc\u00ea tem um subtom de pele amarelado ou dourado, tons de cabelo quentes como loiro dourado ou avermelhado podem real\u00e7ar a sua apar\u00eancia.<\/li>\n\n\n\n<li>Subtom de pele frio: se o seu subtom de pele \u00e9 rosado, azulado ou avermelhado, cores de cabelo como loiro platinado, castanho escuro ou preto s\u00e3o excelentes op\u00e7\u00f5es para voc\u00ea.<\/li>\n\n\n\n<li>Subtom de pele neutro: se o seu subtom de pele \u00e9 neutro, voc\u00ea pode experimentar uma ampla gama de cores de cabelo, desde tons mais quentes a tons mais frios, dependendo do seu gosto pessoal.<\/li>\n<\/ul>\n\n\n\n<h2 class=\"wp-block-heading has-medium-font-size\">Leve em conta sua personalidade e estilo<\/h2>\n\n\n\n<p>Outro fator importante a ser considerado ao escolher a cor ideal para o cabelo \u00e9 a sua personalidade e estilo. A cor do cabelo pode ajudar a expressar quem voc\u00ea \u00e9 e dar uma apar\u00eancia mais harmoniosa ao seu visual.<\/p>\n\n\n\n<ul class=\"wp-block-list\">\n<li>Para pessoas extrovertidas e que adoram chamar a aten\u00e7\u00e3o, cores de cabelo vibrantes como vermelho intenso, azul ou roxo podem ser a escolha perfeita.<\/li>\n\n\n\n<li>Se voc\u00ea busca um visual mais discreto e sofisticado, cores naturais e sutis, como castanho claro, loiro mel ou preto natural, podem ser as mais indicadas.<\/li>\n\n\n\n<li>Para um estilo mais ousado e moderno, cores de cabelo incomuns, como rosa, verde ou cinza, podem ser uma excelente op\u00e7\u00e3o.<\/li>\n<\/ul>\n\n\n\n<h2 class=\"wp-block-heading has-medium-font-size\">Experimente com cuidado<\/h2>\n\n\n\n<p>Antes de se comprometer com uma cor espec\u00edfica, \u00e9 importante fazer alguns testes e experimentar diferentes tons. Existem v\u00e1rias op\u00e7\u00f5es tempor\u00e1rias dispon\u00edveis, como tinturas semipermanentes ou sprays coloridos, que permitem que voc\u00ea veja como o cabelo fica com a cor desejada antes de fazer uma mudan\u00e7a definitiva.<\/p>\n\n\n\n<h2 class=\"wp-block-heading has-medium-font-size\">Conclus\u00e3o &#8211; Como escolher a cor ideal para o cabelo<\/h2>\n\n\n\n<p>Ao escolher a cor ideal para o cabelo, \u00e9 importante considerar fatores como o tom de pele, o estilo pessoal e a manuten\u00e7\u00e3o necess\u00e1ria. \u00c9 essencial buscar orienta\u00e7\u00e3o de um profissional especializado para obter um resultado satisfat\u00f3rio e duradouro.<\/p>\n\n\n\n<h2 class=\"wp-block-heading\">Cuidados p\u00f3s-colora\u00e7\u00e3o: mantendo a cor e a sa\u00fade dos fios<\/h2>\n\n\n\n<p>A colora\u00e7\u00e3o dos cabelos \u00e9 uma maneira poderosa de expressar personalidade e estilo. Por\u00e9m, para manter a cor vibrante e a sa\u00fade dos fios ap\u00f3s a colora\u00e7\u00e3o, \u00e9 essencial adotar uma rotina de cuidados p\u00f3s-colora\u00e7\u00e3o adequada. Neste t\u00f3pico, vamos explorar algumas dicas e t\u00e9cnicas para ajudar voc\u00ea a manter a cor e a sa\u00fade dos seus cabelos coloridos.<\/p>\n\n\n\n<h2 class=\"wp-block-heading has-medium-font-size\"><strong>1. Lave os cabelos corretamente<\/strong><\/h2>\n\n\n\n<p>Ap\u00f3s a colora\u00e7\u00e3o, \u00e9 importante usar um shampoo hidratante espec\u00edfico para cabelos coloridos. Esses shampoos possuem f\u00f3rmulas suaves que limpam os fios sem desbotar a cor. Evite shampoos com sulfato, pois eles podem ressecar e desbotar a cor dos cabelos coloridos. Al\u00e9m disso, lave os cabelos com \u00e1gua morna ou fria, pois a \u00e1gua quente pode causar desbotamento.<\/p>\n\n\n\n<h2 class=\"wp-block-heading has-medium-font-size\"><strong>2. Hidrate regularmente<\/strong><\/h2>\n\n\n\n<p>Cabelos coloridos tendem a ser mais secos e danificados, por isso, \u00e9 fundamental hidrat\u00e1-los regularmente. Use uma m\u00e1scara hidratante uma ou duas vezes por semana. Essas m\u00e1scaras ajudam a reter a umidade nos fios, preservando a cor e deixando os cabelos mais macios e brilhantes.<\/p>\n\n\n\n<h2 class=\"wp-block-heading has-medium-font-size\"><strong>3. Proteja os cabelos do sol<\/strong><\/h2>\n\n\n\n<p>Os raios solares podem acelerar o desbotamento dos cabelos coloridos, portanto, \u00e9 essencial proteg\u00ea-los do sol. Antes de sair de casa, aplique um protetor com filtro solar nos fios para proteger o cabelo dos raios solares diretos.<\/p>\n\n\n\n<h2 class=\"wp-block-heading has-medium-font-size\"><strong>4. Evite o uso excessivo de fontes de calor<\/strong><\/h2>\n\n\n\n<p>O uso constante de ferramentas de calor, como secadores, chapinhas e modeladores tipo babyliss, pode prejudicar os cabelos coloridos. Para minimizar esses danos, \u00e9 aconselh\u00e1vel reduzir a frequ\u00eancia de uso desses aparelhos. Quando necess\u00e1rio, certifique-se de aplicar um protetor t\u00e9rmico nos fios antes de usar essas ferramentas. Al\u00e9m disso, \u00e9 recomend\u00e1vel evitar lavar os cabelos com \u00e1gua quente; opte por \u00e1gua fria ou morna, que \u00e9 mais gentil para os cabelos tratados quimicamente.<\/p>\n\n\n\n<h2 class=\"wp-block-heading has-medium-font-size\"><strong>5. Evite o uso de produtos com \u00e1lcool<\/strong><\/h2>\n\n\n\n<p>Produtos capilares que cont\u00eam \u00e1lcool podem ressecar e desbotar a cor dos cabelos coloridos. Evite o uso de sprays fixadores, mousses ou g\u00e9is que contenham \u00e1lcool em sua composi\u00e7\u00e3o. Opte por produtos livres de \u00e1lcool ou com formula\u00e7\u00f5es espec\u00edficas para cabelos coloridos.<\/p>\n\n\n\n<h2 class=\"wp-block-heading has-medium-font-size\"><strong>8. Tenha uma alimenta\u00e7\u00e3o saud\u00e1vel<\/strong><\/h2>\n\n\n\n<p>A sa\u00fade dos seus cabelos tamb\u00e9m est\u00e1 relacionada com os cuidados com a alimenta\u00e7\u00e3o. Tenha uma dieta equilibrada, rica em vitaminas, minerais e prote\u00ednas, pois esses nutrientes ajudam a fortalecer os fios e manter a cor vibrante por mais tempo. Beba bastante \u00e1gua para manter os cabelos hidratados.<\/p>\n\n\n\n<p>Mantendo esses cuidados p\u00f3s-colora\u00e7\u00e3o, voc\u00ea poder\u00e1 desfrutar de cabelos coloridos deslumbrantes e saud\u00e1veis. <\/p>\n\n\n\n<h2 class=\"wp-block-heading has-medium-font-size\">Conclus\u00e3o &#8211; Cuidados p\u00f3s-colora\u00e7\u00e3o: mantendo a cor e a sa\u00fade dos fios<\/h2>\n\n\n\n<p>Ap\u00f3s a colora\u00e7\u00e3o, \u00e9 necess\u00e1rio adotar cuidados espec\u00edficos para manter a cor e a sa\u00fade dos fios. Entre esses cuidados, est\u00e3o utilizar produtos para cabelos coloridos, evitar lavagens frequentes, proteger o cabelo do sol e realizar hidrata\u00e7\u00f5es regulares.<\/p>\n\n\n\n<h2 class=\"wp-block-heading\">Cuidados pr\u00e9-colora\u00e7\u00e3o: preparando o cabelo para receber a tintura<\/h2>\n\n\n\n<p>Nesta se\u00e7\u00e3o vamos abordar os cuidados pr\u00e9-colora\u00e7\u00e3o, que s\u00e3o essenciais para garantir que seus cabelos estejam prontos para receber a tintura de forma eficaz e duradoura.<\/p>\n\n\n\n<p>Antes de iniciar o processo de colora\u00e7\u00e3o, \u00e9 importante ter em mente que a sa\u00fade e a integridade dos fios devem ser preservadas. Al\u00e9m disso, seguir as diretrizes corretas para preparar o cabelo antes da tintura pode fazer toda a diferen\u00e7a no resultado final.<\/p>\n\n\n\n<h2 class=\"wp-block-heading has-medium-font-size\">1. Avalia\u00e7\u00e3o da sa\u00fade do cabelo<\/h2>\n\n\n\n<p>Antes de colorir os cabelos, \u00e9 importante avaliar a sa\u00fade do cabelo para garantir que ele esteja forte o suficiente para suportar o processo de colora\u00e7\u00e3o. Se os fios estiverem danificados, fracos ou ressecados, \u00e9 recomend\u00e1vel tratar esses problemas antes da aplica\u00e7\u00e3o da tintura.<\/p>\n\n\n\n<h2 class=\"wp-block-heading has-medium-font-size\">2. Teste de alergia<\/h2>\n\n\n\n<p>Antes de utilizar qualquer produto qu\u00edmico no cabelo, \u00e9 fundamental realizar um teste de alergia. Esse teste consiste na aplica\u00e7\u00e3o de uma pequena quantidade do produto na pele para verificar se h\u00e1 alguma rea\u00e7\u00e3o al\u00e9rgica. O teste de alergia \u00e9 especialmente importante quando se trata de tinturas capilares, pois muitas delas cont\u00eam subst\u00e2ncias que podem causar irrita\u00e7\u00f5es e rea\u00e7\u00f5es adversas.<\/p>\n\n\n\n<h2 class=\"wp-block-heading has-medium-font-size\">3. Limpeza adequada do cabelo<\/h2>\n\n\n\n<p>Antes da colora\u00e7\u00e3o, lave bem o cabelo para remover qualquer res\u00edduo de produtos, como condicionador e finalizadores. Certifique-se de usar um shampoo adequado para o seu tipo de cabelo e lembre-se de enxaguar completamente, garantindo que n\u00e3o haja qualquer res\u00edduo nos fios.<\/p>\n\n\n\n<h2 class=\"wp-block-heading has-medium-font-size\">4. Hidrata\u00e7\u00e3o pr\u00e9via<\/h2>\n\n\n\n<p>Antes de aplicar a tintura nos cabelos, \u00e9 altamente recomend\u00e1vel realizar uma hidrata\u00e7\u00e3o pr\u00e9via. Essa etapa ajudar\u00e1 a fortalecer e preparar os fios, minimizando danos e ressecamento causados pelo processo de colora\u00e7\u00e3o.<\/p>\n\n\n\n<h2 class=\"wp-block-heading has-medium-font-size\">5. Prote\u00e7\u00e3o do couro cabeludo<\/h2>\n\n\n\n<p>Durante a aplica\u00e7\u00e3o da tintura, \u00e9 essencial proteger o couro cabeludo para evitar irrita\u00e7\u00f5es e manchas. Utilize uma fina camada de creme hidratante ou vaselina ao redor da linha do cabelo e nas orelhas, criando uma barreira protetora. Isso ajudar\u00e1 a evitar que a tintura entre em contato direto com a pele sens\u00edvel.<\/p>\n\n\n\n<h2 class=\"wp-block-heading has-medium-font-size\">6. Uso de produtos adequados<\/h2>\n\n\n\n<p>Utilizar produtos de qualidade e adequados para o processo de colora\u00e7\u00e3o \u00e9 fundamental. Certifique-se de utilizar tinturas de cabelo de marcas confi\u00e1veis, que ofere\u00e7am uma ampla variedade de tonalidades e que sejam de f\u00e1cil aplica\u00e7\u00e3o. Al\u00e9m disso, utilize produtos auxiliares, como ativadores de cor e fixadores, de acordo com as orienta\u00e7\u00f5es da marca.<\/p>\n\n\n\n<p>Com estes cuidados pr\u00e9-colora\u00e7\u00e3o, voc\u00ea estar\u00e1 preparado(a) para garantir que a tintura seja aplicada corretamente e que seu cabelo esteja saud\u00e1vel e pronto para receber a cor desejada!<\/p>\n\n\n\n<h2 class=\"wp-block-heading\">Produtos para cuidado capilar<\/h2>\n\n\n\n<p>Para manter a sa\u00fade e a cor vibrante dos cabelos ap\u00f3s um tratamento de colora\u00e7\u00e3o, \u00e9 crucial usar produtos espec\u00edficos que protejam a cor e tratem os fios. A Leportni oferece uma gama de produtos com nanotecnologia, ideais para esse cuidado. Aqui est\u00e3o tr\u00eas produtos recomendados:<\/p>\n\n\n\n<ol class=\"wp-block-list\">\n<li><strong>Shampoo Hidratante Smooth Touch Leportini<\/strong>:\n<ul class=\"wp-block-list\">\n<li>Este shampoo \u00e9 especialmente formulado para limpar suavemente enquanto suaviza os cabelos. Ele \u00e9 ideal para cuidar do couro cabeludo e controlar o pH dos fios, ajudando a prolongar a durabilidade dos tratamentos profissionais. A nanotecnologia permite que os ingredientes ativos penetrem profundamente no cabelo, reestruturando e recuperando os fios danificados, promovendo brilho e maciez.<\/li>\n\n\n\n<li>Link para compra: <a href=\"https:\/\/loja.leportini.com.br\/shapoo-home-care\">Shampoo Hidratante Smooth Touch Leportini<\/a><\/li>\n<\/ul>\n<\/li>\n\n\n\n<li><strong>Kit de Tratamento Capilar Smooth Touch da Leportni<\/strong>:\n<ul class=\"wp-block-list\">\n<li>Este kit inclui produtos essenciais para a reconstru\u00e7\u00e3o capilar, como shampoo, condicionador e leave-in. Ele melhora a reten\u00e7\u00e3o de nutrientes com Nanoesferas Cati\u00f4nicas, proporcionando um tratamento intensivo para cabelos coloridos. Essa tecnologia permite que os ingredientes penetrem mais profundamente, garantindo que os cabelos fiquem mais saud\u00e1veis e fortes ap\u00f3s a colora\u00e7\u00e3o.<\/li>\n\n\n\n<li>Link para compra: <a href=\"https:\/\/loja.leportini.com.br\/kit-home-care-smooth-touch-kit-de-tratamento-diario-shampoo-reconstrutor-condicionador-e-leave-in\">Kit de Tratamento Capilar Smooth Touch<\/a><\/li>\n<\/ul>\n<\/li>\n\n\n\n<li><strong>Protetor T\u00e9rmico Summer Dei Capelli da Leportni<\/strong>:\n<ul class=\"wp-block-list\">\n<li>Este protetor t\u00e9rmico \u00e9 perfeito para cabelos coloridos que s\u00e3o frequentemente expostos ao calor de secadores e chapinhas. Ele oferece prote\u00e7\u00e3o solar e ajuda a facilitar a escova\u00e7\u00e3o e o uso de ferramentas t\u00e9rmicas. Com a nanotecnologia, o produto cria uma camada protetora que minimiza os danos causados pelo calor, mantendo a cor vibrante por mais tempo.<\/li>\n\n\n\n<li>Link para compra: <a href=\"https:\/\/loja.leportini.com.br\/summer-dei-capelli\">Protetor T\u00e9rmico Summer Dei Capelli<\/a><\/li>\n<\/ul>\n<\/li>\n<\/ol>\n\n\n\n<p>A utiliza\u00e7\u00e3o de nanocosm\u00e9ticos da Leportni \u00e9 essencial para manter a sa\u00fade e a cor dos cabelos ap\u00f3s a colora\u00e7\u00e3o. A nanotecnologia garante que os ingredientes ativos sejam entregues diretamente \u00e0 estrutura do cabelo, proporcionando resultados superiores em termos de hidrata\u00e7\u00e3o, prote\u00e7\u00e3o da cor e repara\u00e7\u00e3o dos danos.<\/p>\n\n\n\n<h2 class=\"wp-block-heading has-medium-font-size\">Conclus\u00e3o &#8211; Cuidados pr\u00e9-colora\u00e7\u00e3o: preparando o cabelo para receber a tintura<\/h2>\n\n\n\n<p>Antes de colorir o cabelo, \u00e9 fundamental realizar cuidados pr\u00e9-colora\u00e7\u00e3o para preparar os fios e garantir uma aplica\u00e7\u00e3o uniforme e duradoura da tintura. Esses cuidados incluem realizar testes de mecha, hidratar o cabelo e evitar o uso de produtos qu\u00edmicos agressivos e de m\u00e1 qualidade.<\/p>\n\n\n\n<p><\/p>\n\n\n\n<p><\/p>\n\n\n\n<p><\/p>\n","protected":false},"excerpt":{"rendered":"<p>Aprenda a proporcionar cuidados especiais para seus cabelos coloridos Vis\u00e3o geral Neste artigo, voc\u00ea ir\u00e1 aprender todas as dicas e t\u00e9cnicas para manter a cor dos seus cabelos sempre vibrante e bonita. Descubra quais s\u00e3o os melhores produtos e tratamentos, como evitar o desbotamento e como manter a sa\u00fade dos fios ap\u00f3s a colora\u00e7\u00e3o. Para [&hellip;]<\/p>\n","protected":false},"author":1,"featured_media":2842,"comment_status":"open","ping_status":"open","sticky":false,"template":"","format":"standard","meta":{"footnotes":""},"categories":[1],"tags":[],"class_list":["post-2841","post","type-post","status-publish","format-standard","has-post-thumbnail","hentry","category-outras-categorias"],"_links":{"self":[{"href":"https:\/\/leportini.com.br\/blog\/wp-json\/wp\/v2\/posts\/2841","targetHints":{"allow":["GET"]}}],"collection":[{"href":"https:\/\/leportini.com.br\/blog\/wp-json\/wp\/v2\/posts"}],"about":[{"href":"https:\/\/leportini.com.br\/blog\/wp-json\/wp\/v2\/types\/post"}],"author":[{"embeddable":true,"href":"https:\/\/leportini.com.br\/blog\/wp-json\/wp\/v2\/users\/1"}],"replies":[{"embeddable":true,"href":"https:\/\/leportini.com.br\/blog\/wp-json\/wp\/v2\/comments?post=2841"}],"version-history":[{"count":4,"href":"https:\/\/leportini.com.br\/blog\/wp-json\/wp\/v2\/posts\/2841\/revisions"}],"predecessor-version":[{"id":3997,"href":"https:\/\/leportini.com.br\/blog\/wp-json\/wp\/v2\/posts\/2841\/revisions\/3997"}],"wp:featuredmedia":[{"embeddable":true,"href":"https:\/\/leportini.com.br\/blog\/wp-json\/wp\/v2\/media\/2842"}],"wp:attachment":[{"href":"https:\/\/leportini.com.br\/blog\/wp-json\/wp\/v2\/media?parent=2841"}],"wp:term":[{"taxonomy":"category","embeddable":true,"href":"https:\/\/leportini.com.br\/blog\/wp-json\/wp\/v2\/categories?post=2841"},{"taxonomy":"post_tag","embeddable":true,"href":"https:\/\/leportini.com.br\/blog\/wp-json\/wp\/v2\/tags?post=2841"}],"curies":[{"name":"wp","href":"https:\/\/api.w.org\/{rel}","templated":true}]}}